{"id":899,"date":"2014-12-15T14:34:03","date_gmt":"2014-12-15T19:34:03","guid":{"rendered":"https:\/\/harnais-electriques.com\/en\/finaliste-gala-reconnaissance-estrie-2015\/"},"modified":"2016-05-30T12:38:19","modified_gmt":"2016-05-30T16:38:19","slug":"finaliste-gala-reconnaissance-estrie-2015","status":"publish","type":"post","link":"https:\/\/corde.ca\/en\/finaliste-gala-reconnaissance-estrie-2015\/","title":{"rendered":"Gagnante du Gala Reconnaissance Estrie 2015"},"content":{"rendered":"<p>C\u2019est devant une salle comble d&#8217;au moins 600 invit\u00e9s que Cord\u00e9 \u00c9lectrique fut nomm\u00e9e laur\u00e9ate dans la cat\u00e9gorie entreprise manufacturi\u00e8re. Ce gala r\u00e9compense des entreprises s&#8217;\u00e9tant illustr\u00e9es au cours de l&#8217;ann\u00e9e dans diff\u00e9rentes cat\u00e9gories.<\/p>\n","protected":false},"excerpt":{"rendered":"C\u2019est devant une salle comble d&#8217;au moins 600 invit\u00e9s que Cord\u00e9 \u00c9lectrique fut nomm\u00e9e laur\u00e9ate dans la cat\u00e9gorie entreprise manufacturi\u00e8re. Ce gala r\u00e9compense des entreprises s&#8217;\u00e9tant illustr\u00e9es au cours de l&#8217;ann\u00e9e dans diff\u00e9rentes cat\u00e9gories.","protected":false},"author":1,"featured_media":1014,"comment_status":"closed","ping_status":"closed","sticky":false,"template":"","format":"standard","meta":{"_acf_changed":false,"_jetpack_memberships_contains_paid_content":false,"footnotes":""},"categories":[4],"tags":[],"class_list":["post-899","post","type-post","status-publish","format-standard","has-post-thumbnail","hentry","category-uncategorized"],"acf":[],"yoast_head":"<!-- This site is optimized with the Yoast SEO plugin v27.5 - https:\/\/yoast.com\/product\/yoast-seo-wordpress\/ -->\n<title>Gagnante du Gala Reconnaissance Estrie 2015 - Cord\u00e9 \u00c9lectrique<\/title>\n<meta name=\"robots\" content=\"index, follow, max-snippet:-1, max-image-preview:large, max-video-preview:-1\" \/>\n<link rel=\"canonical\" href=\"https:\/\/corde.ca\/finaliste-gala-reconnaissance-estrie-2015\/\" \/>\n<meta property=\"og:locale\" content=\"en_US\" \/>\n<meta property=\"og:type\" content=\"article\" \/>\n<meta property=\"og:title\" content=\"Gagnante du Gala Reconnaissance Estrie 2015 - Cord\u00e9 \u00c9lectrique\" \/>\n<meta property=\"og:description\" content=\"C\u2019est devant une salle comble d&#8217;au moins 600 invit\u00e9s que Cord\u00e9 \u00c9lectrique fut nomm\u00e9e laur\u00e9ate dans la cat\u00e9gorie entreprise manufacturi\u00e8re. Ce gala r\u00e9compense des entreprises s&#8217;\u00e9tant illustr\u00e9es au cours de l&#8217;ann\u00e9e dans diff\u00e9rentes cat\u00e9gories.\" \/>\n<meta property=\"og:url\" content=\"https:\/\/corde.ca\/finaliste-gala-reconnaissance-estrie-2015\/\" \/>\n<meta property=\"og:site_name\" content=\"Cord\u00e9 \u00c9lectrique\" \/>\n<meta property=\"article:published_time\" content=\"2014-12-15T19:34:03+00:00\" \/>\n<meta property=\"article:modified_time\" content=\"2016-05-30T16:38:19+00:00\" \/>\n<meta property=\"og:image\" content=\"https:\/\/corde.ca\/wp-content\/uploads\/Gala-Reconnaissance-Estrie-Banderole-gagnant.jpg\" \/>\n\t<meta property=\"og:image:width\" content=\"160\" \/>\n\t<meta property=\"og:image:height\" content=\"200\" \/>\n\t<meta property=\"og:image:type\" content=\"image\/jpeg\" \/>\n<meta name=\"author\" content=\"Cake Communicaiton\" \/>\n<meta name=\"twitter:card\" content=\"summary_large_image\" \/>\n<meta name=\"twitter:label1\" content=\"Written by\" \/>\n\t<meta name=\"twitter:data1\" content=\"Cake Communicaiton\" \/>\n<script type=\"application\/ld+json\" class=\"yoast-schema-graph\">{\"@context\":\"https:\\\/\\\/schema.org\",\"@graph\":[{\"@type\":\"Article\",\"@id\":\"https:\\\/\\\/corde.ca\\\/finaliste-gala-reconnaissance-estrie-2015\\\/#article\",\"isPartOf\":{\"@id\":\"https:\\\/\\\/corde.ca\\\/finaliste-gala-reconnaissance-estrie-2015\\\/\"},\"author\":{\"name\":\"Cake Communicaiton\",\"@id\":\"https:\\\/\\\/corde.ca\\\/#\\\/schema\\\/person\\\/977717629df06c88cc3f21f87ba16875\"},\"headline\":\"Gagnante du Gala Reconnaissance Estrie 2015\",\"datePublished\":\"2014-12-15T19:34:03+00:00\",\"dateModified\":\"2016-05-30T16:38:19+00:00\",\"mainEntityOfPage\":{\"@id\":\"https:\\\/\\\/corde.ca\\\/finaliste-gala-reconnaissance-estrie-2015\\\/\"},\"wordCount\":52,\"image\":{\"@id\":\"https:\\\/\\\/corde.ca\\\/finaliste-gala-reconnaissance-estrie-2015\\\/#primaryimage\"},\"thumbnailUrl\":\"https:\\\/\\\/corde.ca\\\/wp-content\\\/uploads\\\/Gala-Reconnaissance-Estrie-Banderole-gagnant.jpg\",\"inLanguage\":\"en-US\"},{\"@type\":\"WebPage\",\"@id\":\"https:\\\/\\\/corde.ca\\\/finaliste-gala-reconnaissance-estrie-2015\\\/\",\"url\":\"https:\\\/\\\/corde.ca\\\/finaliste-gala-reconnaissance-estrie-2015\\\/\",\"name\":\"Gagnante du Gala Reconnaissance Estrie 2015 - Cord\u00e9 \u00c9lectrique\",\"isPartOf\":{\"@id\":\"https:\\\/\\\/corde.ca\\\/#website\"},\"primaryImageOfPage\":{\"@id\":\"https:\\\/\\\/corde.ca\\\/finaliste-gala-reconnaissance-estrie-2015\\\/#primaryimage\"},\"image\":{\"@id\":\"https:\\\/\\\/corde.ca\\\/finaliste-gala-reconnaissance-estrie-2015\\\/#primaryimage\"},\"thumbnailUrl\":\"https:\\\/\\\/corde.ca\\\/wp-content\\\/uploads\\\/Gala-Reconnaissance-Estrie-Banderole-gagnant.jpg\",\"datePublished\":\"2014-12-15T19:34:03+00:00\",\"dateModified\":\"2016-05-30T16:38:19+00:00\",\"author\":{\"@id\":\"https:\\\/\\\/corde.ca\\\/#\\\/schema\\\/person\\\/977717629df06c88cc3f21f87ba16875\"},\"breadcrumb\":{\"@id\":\"https:\\\/\\\/corde.ca\\\/finaliste-gala-reconnaissance-estrie-2015\\\/#breadcrumb\"},\"inLanguage\":\"en-US\",\"potentialAction\":[{\"@type\":\"ReadAction\",\"target\":[\"https:\\\/\\\/corde.ca\\\/finaliste-gala-reconnaissance-estrie-2015\\\/\"]}]},{\"@type\":\"ImageObject\",\"inLanguage\":\"en-US\",\"@id\":\"https:\\\/\\\/corde.ca\\\/finaliste-gala-reconnaissance-estrie-2015\\\/#primaryimage\",\"url\":\"https:\\\/\\\/corde.ca\\\/wp-content\\\/uploads\\\/Gala-Reconnaissance-Estrie-Banderole-gagnant.jpg\",\"contentUrl\":\"https:\\\/\\\/corde.ca\\\/wp-content\\\/uploads\\\/Gala-Reconnaissance-Estrie-Banderole-gagnant.jpg\",\"width\":160,\"height\":200},{\"@type\":\"BreadcrumbList\",\"@id\":\"https:\\\/\\\/corde.ca\\\/finaliste-gala-reconnaissance-estrie-2015\\\/#breadcrumb\",\"itemListElement\":[{\"@type\":\"ListItem\",\"position\":1,\"name\":\"Accueil\",\"item\":\"https:\\\/\\\/corde.ca\\\/\"},{\"@type\":\"ListItem\",\"position\":2,\"name\":\"Gagnante du Gala Reconnaissance Estrie 2015\"}]},{\"@type\":\"WebSite\",\"@id\":\"https:\\\/\\\/corde.ca\\\/#website\",\"url\":\"https:\\\/\\\/corde.ca\\\/\",\"name\":\"Cord\u00e9 \u00c9lectrique\",\"description\":\"Expertise et efficacit\u00e9\",\"potentialAction\":[{\"@type\":\"SearchAction\",\"target\":{\"@type\":\"EntryPoint\",\"urlTemplate\":\"https:\\\/\\\/corde.ca\\\/?s={search_term_string}\"},\"query-input\":{\"@type\":\"PropertyValueSpecification\",\"valueRequired\":true,\"valueName\":\"search_term_string\"}}],\"inLanguage\":\"en-US\"},{\"@type\":\"Person\",\"@id\":\"https:\\\/\\\/corde.ca\\\/#\\\/schema\\\/person\\\/977717629df06c88cc3f21f87ba16875\",\"name\":\"Cake Communicaiton\"}]}<\/script>\n<!-- \/ Yoast SEO plugin. -->","yoast_head_json":{"title":"Gagnante du Gala Reconnaissance Estrie 2015 - Cord\u00e9 \u00c9lectrique","robots":{"index":"index","follow":"follow","max-snippet":"max-snippet:-1","max-image-preview":"max-image-preview:large","max-video-preview":"max-video-preview:-1"},"canonical":"https:\/\/corde.ca\/finaliste-gala-reconnaissance-estrie-2015\/","og_locale":"en_US","og_type":"article","og_title":"Gagnante du Gala Reconnaissance Estrie 2015 - Cord\u00e9 \u00c9lectrique","og_description":"C\u2019est devant une salle comble d&#8217;au moins 600 invit\u00e9s que Cord\u00e9 \u00c9lectrique fut nomm\u00e9e laur\u00e9ate dans la cat\u00e9gorie entreprise manufacturi\u00e8re. Ce gala r\u00e9compense des entreprises s&#8217;\u00e9tant illustr\u00e9es au cours de l&#8217;ann\u00e9e dans diff\u00e9rentes cat\u00e9gories.","og_url":"https:\/\/corde.ca\/finaliste-gala-reconnaissance-estrie-2015\/","og_site_name":"Cord\u00e9 \u00c9lectrique","article_published_time":"2014-12-15T19:34:03+00:00","article_modified_time":"2016-05-30T16:38:19+00:00","og_image":[{"width":160,"height":200,"url":"https:\/\/corde.ca\/wp-content\/uploads\/Gala-Reconnaissance-Estrie-Banderole-gagnant.jpg","type":"image\/jpeg"}],"author":"Cake Communicaiton","twitter_card":"summary_large_image","twitter_misc":{"Written by":"Cake Communicaiton"},"schema":{"@context":"https:\/\/schema.org","@graph":[{"@type":"Article","@id":"https:\/\/corde.ca\/finaliste-gala-reconnaissance-estrie-2015\/#article","isPartOf":{"@id":"https:\/\/corde.ca\/finaliste-gala-reconnaissance-estrie-2015\/"},"author":{"name":"Cake Communicaiton","@id":"https:\/\/corde.ca\/#\/schema\/person\/977717629df06c88cc3f21f87ba16875"},"headline":"Gagnante du Gala Reconnaissance Estrie 2015","datePublished":"2014-12-15T19:34:03+00:00","dateModified":"2016-05-30T16:38:19+00:00","mainEntityOfPage":{"@id":"https:\/\/corde.ca\/finaliste-gala-reconnaissance-estrie-2015\/"},"wordCount":52,"image":{"@id":"https:\/\/corde.ca\/finaliste-gala-reconnaissance-estrie-2015\/#primaryimage"},"thumbnailUrl":"https:\/\/corde.ca\/wp-content\/uploads\/Gala-Reconnaissance-Estrie-Banderole-gagnant.jpg","inLanguage":"en-US"},{"@type":"WebPage","@id":"https:\/\/corde.ca\/finaliste-gala-reconnaissance-estrie-2015\/","url":"https:\/\/corde.ca\/finaliste-gala-reconnaissance-estrie-2015\/","name":"Gagnante du Gala Reconnaissance Estrie 2015 - Cord\u00e9 \u00c9lectrique","isPartOf":{"@id":"https:\/\/corde.ca\/#website"},"primaryImageOfPage":{"@id":"https:\/\/corde.ca\/finaliste-gala-reconnaissance-estrie-2015\/#primaryimage"},"image":{"@id":"https:\/\/corde.ca\/finaliste-gala-reconnaissance-estrie-2015\/#primaryimage"},"thumbnailUrl":"https:\/\/corde.ca\/wp-content\/uploads\/Gala-Reconnaissance-Estrie-Banderole-gagnant.jpg","datePublished":"2014-12-15T19:34:03+00:00","dateModified":"2016-05-30T16:38:19+00:00","author":{"@id":"https:\/\/corde.ca\/#\/schema\/person\/977717629df06c88cc3f21f87ba16875"},"breadcrumb":{"@id":"https:\/\/corde.ca\/finaliste-gala-reconnaissance-estrie-2015\/#breadcrumb"},"inLanguage":"en-US","potentialAction":[{"@type":"ReadAction","target":["https:\/\/corde.ca\/finaliste-gala-reconnaissance-estrie-2015\/"]}]},{"@type":"ImageObject","inLanguage":"en-US","@id":"https:\/\/corde.ca\/finaliste-gala-reconnaissance-estrie-2015\/#primaryimage","url":"https:\/\/corde.ca\/wp-content\/uploads\/Gala-Reconnaissance-Estrie-Banderole-gagnant.jpg","contentUrl":"https:\/\/corde.ca\/wp-content\/uploads\/Gala-Reconnaissance-Estrie-Banderole-gagnant.jpg","width":160,"height":200},{"@type":"BreadcrumbList","@id":"https:\/\/corde.ca\/finaliste-gala-reconnaissance-estrie-2015\/#breadcrumb","itemListElement":[{"@type":"ListItem","position":1,"name":"Accueil","item":"https:\/\/corde.ca\/"},{"@type":"ListItem","position":2,"name":"Gagnante du Gala Reconnaissance Estrie 2015"}]},{"@type":"WebSite","@id":"https:\/\/corde.ca\/#website","url":"https:\/\/corde.ca\/","name":"Cord\u00e9 \u00c9lectrique","description":"Expertise et efficacit\u00e9","potentialAction":[{"@type":"SearchAction","target":{"@type":"EntryPoint","urlTemplate":"https:\/\/corde.ca\/?s={search_term_string}"},"query-input":{"@type":"PropertyValueSpecification","valueRequired":true,"valueName":"search_term_string"}}],"inLanguage":"en-US"},{"@type":"Person","@id":"https:\/\/corde.ca\/#\/schema\/person\/977717629df06c88cc3f21f87ba16875","name":"Cake Communicaiton"}]}},"jetpack_featured_media_url":"https:\/\/corde.ca\/wp-content\/uploads\/Gala-Reconnaissance-Estrie-Banderole-gagnant.jpg","jetpack_sharing_enabled":true,"_links":{"self":[{"href":"https:\/\/corde.ca\/en\/wp-json\/wp\/v2\/posts\/899","targetHints":{"allow":["GET"]}}],"collection":[{"href":"https:\/\/corde.ca\/en\/wp-json\/wp\/v2\/posts"}],"about":[{"href":"https:\/\/corde.ca\/en\/wp-json\/wp\/v2\/types\/post"}],"author":[{"embeddable":true,"href":"https:\/\/corde.ca\/en\/wp-json\/wp\/v2\/users\/1"}],"replies":[{"embeddable":true,"href":"https:\/\/corde.ca\/en\/wp-json\/wp\/v2\/comments?post=899"}],"version-history":[{"count":6,"href":"https:\/\/corde.ca\/en\/wp-json\/wp\/v2\/posts\/899\/revisions"}],"predecessor-version":[{"id":1056,"href":"https:\/\/corde.ca\/en\/wp-json\/wp\/v2\/posts\/899\/revisions\/1056"}],"wp:featuredmedia":[{"embeddable":true,"href":"https:\/\/corde.ca\/en\/wp-json\/wp\/v2\/media\/1014"}],"wp:attachment":[{"href":"https:\/\/corde.ca\/en\/wp-json\/wp\/v2\/media?parent=899"}],"wp:term":[{"taxonomy":"category","embeddable":true,"href":"https:\/\/corde.ca\/en\/wp-json\/wp\/v2\/categories?post=899"},{"taxonomy":"post_tag","embeddable":true,"href":"https:\/\/corde.ca\/en\/wp-json\/wp\/v2\/tags?post=899"}],"curies":[{"name":"wp","href":"https:\/\/api.w.org\/{rel}","templated":true}]}}