{"id":927,"date":"2016-05-03T11:37:52","date_gmt":"2016-05-03T15:37:52","guid":{"rendered":"https:\/\/wiring-harnesses.ca\/?p=927"},"modified":"2016-05-12T08:24:38","modified_gmt":"2016-05-12T12:24:38","slug":"lise-deziel-was-named-a-weconnect-international-in-canada-wbe-of-the-year","status":"publish","type":"post","link":"https:\/\/corde.ca\/en\/lise-deziel-was-named-a-weconnect-international-in-canada-wbe-of-the-year\/","title":{"rendered":"Lise D\u00e9ziel was named a WEConnect International in Canada WBE of the Year"},"content":{"rendered":"<p><strong>Mme D\u00e9ziel had been in the field of electrical wiring for 20 years before creating her own enterprise in 2010. Cord\u00e9 \u00c9lectrique has grown from 4 employees in 2010, to 45 employees in 2014.<\/strong><\/p>\n<p>In June 2015, Mme D\u00e9ziel was invited by the R\u00e9seau des Femmes d\u2019affaires du Qu\u00e9bec and WEConnect International in Canada to attend the largest American \u00a0supplier diversity conference for women business owners in Austin, Texas. She hesitated but decided to join in at the last minute. \u00a0In just a few days at the conference, through the introductions made by WEConnect International, \u00a0a non-profit that connects women entrepreneurs to market opportunities in global chains. Ms. D\u00e9ziel met with GM, FCA, Toyota, and others. \u00a0These multinational corporations encouraged her to seek the certification from WEConnect International in Canada which certifies and trains women owned businesses to do business with large corporations which have supplier diversity and inclusion programs.<\/p>\n<p>Following that trip and the certification, GM invited her to attend their own diversity trade show. She was also invited to attend Great Lakes diversity show. This visibility has created many opportunities to make new contacts.<\/p>\n<p>Usually in this type of industry, contract takes 1-2 years to come to fruition. But since the certification, the life of her enterprise has changed in a good way, and partnership and contract negotiation have been accelerated, and she talking about possible opening of the American market. She is very optimistic about closing significant new contracts in the future based on her certification and working with corporations who promote supplier diversity and inclusion for women owned businesses.<\/p>\n<p>Source:\u00a0<a href=\"http:\/\/weconnectinternational.org\" target=\"_blank\">weconnectinternational.org<\/a><\/p>\n","protected":false},"excerpt":{"rendered":"Mme D\u00e9ziel had been in the field of electrical wiring for 20 years before creating her own enterprise in 2010. Cord\u00e9 \u00c9lectrique has grown from 4 employees in 2010, to 45 employees in 2014. In June 2015, Mme D\u00e9ziel was invited by the R\u00e9seau des Femmes d\u2019affaires du Qu\u00e9bec and WEConnect International in Canada to [&hellip;]","protected":false},"author":1,"featured_media":931,"comment_status":"closed","ping_status":"closed","sticky":false,"template":"","format":"standard","meta":{"_acf_changed":false,"_jetpack_memberships_contains_paid_content":false,"footnotes":""},"categories":[4],"tags":[],"class_list":["post-927","post","type-post","status-publish","format-standard","has-post-thumbnail","hentry","category-uncategorized"],"acf":[],"yoast_head":"<!-- This site is optimized with the Yoast SEO plugin v27.5 - https:\/\/yoast.com\/product\/yoast-seo-wordpress\/ -->\n<title>Lise D\u00e9ziel was named a WEConnect International in Canada WBE of the Year - Cord\u00e9 \u00c9lectrique<\/title>\n<meta name=\"robots\" content=\"index, follow, max-snippet:-1, max-image-preview:large, max-video-preview:-1\" \/>\n<link rel=\"canonical\" href=\"https:\/\/wiring-harnesses.ca\/lise-deziel-was-named-a-weconnect-international-in-canada-wbe-of-the-year\/\" \/>\n<meta property=\"og:locale\" content=\"en_US\" \/>\n<meta property=\"og:type\" content=\"article\" \/>\n<meta property=\"og:title\" content=\"Lise D\u00e9ziel was named a WEConnect International in Canada WBE of the Year - Cord\u00e9 \u00c9lectrique\" \/>\n<meta property=\"og:description\" content=\"Mme D\u00e9ziel had been in the field of electrical wiring for 20 years before creating her own enterprise in 2010. Cord\u00e9 \u00c9lectrique has grown from 4 employees in 2010, to 45 employees in 2014. In June 2015, Mme D\u00e9ziel was invited by the R\u00e9seau des Femmes d\u2019affaires du Qu\u00e9bec and WEConnect International in Canada to [&hellip;]\" \/>\n<meta property=\"og:url\" content=\"https:\/\/wiring-harnesses.ca\/lise-deziel-was-named-a-weconnect-international-in-canada-wbe-of-the-year\/\" \/>\n<meta property=\"og:site_name\" content=\"Cord\u00e9 \u00c9lectrique\" \/>\n<meta property=\"article:published_time\" content=\"2016-05-03T15:37:52+00:00\" \/>\n<meta property=\"article:modified_time\" content=\"2016-05-12T12:24:38+00:00\" \/>\n<meta property=\"og:image\" content=\"https:\/\/corde.ca\/wp-content\/uploads\/PRIX2015-573-DezielLise-REC.png\" \/>\n\t<meta property=\"og:image:width\" content=\"500\" \/>\n\t<meta property=\"og:image:height\" content=\"500\" \/>\n\t<meta property=\"og:image:type\" content=\"image\/png\" \/>\n<meta name=\"author\" content=\"Cake Communicaiton\" \/>\n<meta name=\"twitter:card\" content=\"summary_large_image\" \/>\n<meta name=\"twitter:label1\" content=\"Written by\" \/>\n\t<meta name=\"twitter:data1\" content=\"Cake Communicaiton\" \/>\n\t<meta name=\"twitter:label2\" content=\"Est. reading time\" \/>\n\t<meta name=\"twitter:data2\" content=\"1 minute\" \/>\n<script type=\"application\/ld+json\" class=\"yoast-schema-graph\">{\"@context\":\"https:\\\/\\\/schema.org\",\"@graph\":[{\"@type\":\"Article\",\"@id\":\"https:\\\/\\\/wiring-harnesses.ca\\\/lise-deziel-was-named-a-weconnect-international-in-canada-wbe-of-the-year\\\/#article\",\"isPartOf\":{\"@id\":\"https:\\\/\\\/wiring-harnesses.ca\\\/lise-deziel-was-named-a-weconnect-international-in-canada-wbe-of-the-year\\\/\"},\"author\":{\"name\":\"Cake Communicaiton\",\"@id\":\"https:\\\/\\\/corde.ca\\\/#\\\/schema\\\/person\\\/977717629df06c88cc3f21f87ba16875\"},\"headline\":\"Lise D\u00e9ziel was named a WEConnect International in Canada WBE of the Year\",\"datePublished\":\"2016-05-03T15:37:52+00:00\",\"dateModified\":\"2016-05-12T12:24:38+00:00\",\"mainEntityOfPage\":{\"@id\":\"https:\\\/\\\/wiring-harnesses.ca\\\/lise-deziel-was-named-a-weconnect-international-in-canada-wbe-of-the-year\\\/\"},\"wordCount\":279,\"image\":{\"@id\":\"https:\\\/\\\/wiring-harnesses.ca\\\/lise-deziel-was-named-a-weconnect-international-in-canada-wbe-of-the-year\\\/#primaryimage\"},\"thumbnailUrl\":\"https:\\\/\\\/corde.ca\\\/wp-content\\\/uploads\\\/PRIX2015-573-DezielLise-REC.png\",\"inLanguage\":\"en-US\"},{\"@type\":\"WebPage\",\"@id\":\"https:\\\/\\\/wiring-harnesses.ca\\\/lise-deziel-was-named-a-weconnect-international-in-canada-wbe-of-the-year\\\/\",\"url\":\"https:\\\/\\\/wiring-harnesses.ca\\\/lise-deziel-was-named-a-weconnect-international-in-canada-wbe-of-the-year\\\/\",\"name\":\"Lise D\u00e9ziel was named a WEConnect International in Canada WBE of the Year - Cord\u00e9 \u00c9lectrique\",\"isPartOf\":{\"@id\":\"https:\\\/\\\/corde.ca\\\/#website\"},\"primaryImageOfPage\":{\"@id\":\"https:\\\/\\\/wiring-harnesses.ca\\\/lise-deziel-was-named-a-weconnect-international-in-canada-wbe-of-the-year\\\/#primaryimage\"},\"image\":{\"@id\":\"https:\\\/\\\/wiring-harnesses.ca\\\/lise-deziel-was-named-a-weconnect-international-in-canada-wbe-of-the-year\\\/#primaryimage\"},\"thumbnailUrl\":\"https:\\\/\\\/corde.ca\\\/wp-content\\\/uploads\\\/PRIX2015-573-DezielLise-REC.png\",\"datePublished\":\"2016-05-03T15:37:52+00:00\",\"dateModified\":\"2016-05-12T12:24:38+00:00\",\"author\":{\"@id\":\"https:\\\/\\\/corde.ca\\\/#\\\/schema\\\/person\\\/977717629df06c88cc3f21f87ba16875\"},\"breadcrumb\":{\"@id\":\"https:\\\/\\\/wiring-harnesses.ca\\\/lise-deziel-was-named-a-weconnect-international-in-canada-wbe-of-the-year\\\/#breadcrumb\"},\"inLanguage\":\"en-US\",\"potentialAction\":[{\"@type\":\"ReadAction\",\"target\":[\"https:\\\/\\\/wiring-harnesses.ca\\\/lise-deziel-was-named-a-weconnect-international-in-canada-wbe-of-the-year\\\/\"]}]},{\"@type\":\"ImageObject\",\"inLanguage\":\"en-US\",\"@id\":\"https:\\\/\\\/wiring-harnesses.ca\\\/lise-deziel-was-named-a-weconnect-international-in-canada-wbe-of-the-year\\\/#primaryimage\",\"url\":\"https:\\\/\\\/corde.ca\\\/wp-content\\\/uploads\\\/PRIX2015-573-DezielLise-REC.png\",\"contentUrl\":\"https:\\\/\\\/corde.ca\\\/wp-content\\\/uploads\\\/PRIX2015-573-DezielLise-REC.png\",\"width\":500,\"height\":500},{\"@type\":\"BreadcrumbList\",\"@id\":\"https:\\\/\\\/wiring-harnesses.ca\\\/lise-deziel-was-named-a-weconnect-international-in-canada-wbe-of-the-year\\\/#breadcrumb\",\"itemListElement\":[{\"@type\":\"ListItem\",\"position\":1,\"name\":\"Accueil\",\"item\":\"https:\\\/\\\/corde.ca\\\/\"},{\"@type\":\"ListItem\",\"position\":2,\"name\":\"Lise D\u00e9ziel was named a WEConnect International in Canada WBE of the Year\"}]},{\"@type\":\"WebSite\",\"@id\":\"https:\\\/\\\/corde.ca\\\/#website\",\"url\":\"https:\\\/\\\/corde.ca\\\/\",\"name\":\"Cord\u00e9 \u00c9lectrique\",\"description\":\"Expertise et efficacit\u00e9\",\"potentialAction\":[{\"@type\":\"SearchAction\",\"target\":{\"@type\":\"EntryPoint\",\"urlTemplate\":\"https:\\\/\\\/corde.ca\\\/?s={search_term_string}\"},\"query-input\":{\"@type\":\"PropertyValueSpecification\",\"valueRequired\":true,\"valueName\":\"search_term_string\"}}],\"inLanguage\":\"en-US\"},{\"@type\":\"Person\",\"@id\":\"https:\\\/\\\/corde.ca\\\/#\\\/schema\\\/person\\\/977717629df06c88cc3f21f87ba16875\",\"name\":\"Cake Communicaiton\"}]}<\/script>\n<!-- \/ Yoast SEO plugin. -->","yoast_head_json":{"title":"Lise D\u00e9ziel was named a WEConnect International in Canada WBE of the Year - Cord\u00e9 \u00c9lectrique","robots":{"index":"index","follow":"follow","max-snippet":"max-snippet:-1","max-image-preview":"max-image-preview:large","max-video-preview":"max-video-preview:-1"},"canonical":"https:\/\/wiring-harnesses.ca\/lise-deziel-was-named-a-weconnect-international-in-canada-wbe-of-the-year\/","og_locale":"en_US","og_type":"article","og_title":"Lise D\u00e9ziel was named a WEConnect International in Canada WBE of the Year - Cord\u00e9 \u00c9lectrique","og_description":"Mme D\u00e9ziel had been in the field of electrical wiring for 20 years before creating her own enterprise in 2010. Cord\u00e9 \u00c9lectrique has grown from 4 employees in 2010, to 45 employees in 2014. In June 2015, Mme D\u00e9ziel was invited by the R\u00e9seau des Femmes d\u2019affaires du Qu\u00e9bec and WEConnect International in Canada to [&hellip;]","og_url":"https:\/\/wiring-harnesses.ca\/lise-deziel-was-named-a-weconnect-international-in-canada-wbe-of-the-year\/","og_site_name":"Cord\u00e9 \u00c9lectrique","article_published_time":"2016-05-03T15:37:52+00:00","article_modified_time":"2016-05-12T12:24:38+00:00","og_image":[{"width":500,"height":500,"url":"https:\/\/corde.ca\/wp-content\/uploads\/PRIX2015-573-DezielLise-REC.png","type":"image\/png"}],"author":"Cake Communicaiton","twitter_card":"summary_large_image","twitter_misc":{"Written by":"Cake Communicaiton","Est. reading time":"1 minute"},"schema":{"@context":"https:\/\/schema.org","@graph":[{"@type":"Article","@id":"https:\/\/wiring-harnesses.ca\/lise-deziel-was-named-a-weconnect-international-in-canada-wbe-of-the-year\/#article","isPartOf":{"@id":"https:\/\/wiring-harnesses.ca\/lise-deziel-was-named-a-weconnect-international-in-canada-wbe-of-the-year\/"},"author":{"name":"Cake Communicaiton","@id":"https:\/\/corde.ca\/#\/schema\/person\/977717629df06c88cc3f21f87ba16875"},"headline":"Lise D\u00e9ziel was named a WEConnect International in Canada WBE of the Year","datePublished":"2016-05-03T15:37:52+00:00","dateModified":"2016-05-12T12:24:38+00:00","mainEntityOfPage":{"@id":"https:\/\/wiring-harnesses.ca\/lise-deziel-was-named-a-weconnect-international-in-canada-wbe-of-the-year\/"},"wordCount":279,"image":{"@id":"https:\/\/wiring-harnesses.ca\/lise-deziel-was-named-a-weconnect-international-in-canada-wbe-of-the-year\/#primaryimage"},"thumbnailUrl":"https:\/\/corde.ca\/wp-content\/uploads\/PRIX2015-573-DezielLise-REC.png","inLanguage":"en-US"},{"@type":"WebPage","@id":"https:\/\/wiring-harnesses.ca\/lise-deziel-was-named-a-weconnect-international-in-canada-wbe-of-the-year\/","url":"https:\/\/wiring-harnesses.ca\/lise-deziel-was-named-a-weconnect-international-in-canada-wbe-of-the-year\/","name":"Lise D\u00e9ziel was named a WEConnect International in Canada WBE of the Year - Cord\u00e9 \u00c9lectrique","isPartOf":{"@id":"https:\/\/corde.ca\/#website"},"primaryImageOfPage":{"@id":"https:\/\/wiring-harnesses.ca\/lise-deziel-was-named-a-weconnect-international-in-canada-wbe-of-the-year\/#primaryimage"},"image":{"@id":"https:\/\/wiring-harnesses.ca\/lise-deziel-was-named-a-weconnect-international-in-canada-wbe-of-the-year\/#primaryimage"},"thumbnailUrl":"https:\/\/corde.ca\/wp-content\/uploads\/PRIX2015-573-DezielLise-REC.png","datePublished":"2016-05-03T15:37:52+00:00","dateModified":"2016-05-12T12:24:38+00:00","author":{"@id":"https:\/\/corde.ca\/#\/schema\/person\/977717629df06c88cc3f21f87ba16875"},"breadcrumb":{"@id":"https:\/\/wiring-harnesses.ca\/lise-deziel-was-named-a-weconnect-international-in-canada-wbe-of-the-year\/#breadcrumb"},"inLanguage":"en-US","potentialAction":[{"@type":"ReadAction","target":["https:\/\/wiring-harnesses.ca\/lise-deziel-was-named-a-weconnect-international-in-canada-wbe-of-the-year\/"]}]},{"@type":"ImageObject","inLanguage":"en-US","@id":"https:\/\/wiring-harnesses.ca\/lise-deziel-was-named-a-weconnect-international-in-canada-wbe-of-the-year\/#primaryimage","url":"https:\/\/corde.ca\/wp-content\/uploads\/PRIX2015-573-DezielLise-REC.png","contentUrl":"https:\/\/corde.ca\/wp-content\/uploads\/PRIX2015-573-DezielLise-REC.png","width":500,"height":500},{"@type":"BreadcrumbList","@id":"https:\/\/wiring-harnesses.ca\/lise-deziel-was-named-a-weconnect-international-in-canada-wbe-of-the-year\/#breadcrumb","itemListElement":[{"@type":"ListItem","position":1,"name":"Accueil","item":"https:\/\/corde.ca\/"},{"@type":"ListItem","position":2,"name":"Lise D\u00e9ziel was named a WEConnect International in Canada WBE of the Year"}]},{"@type":"WebSite","@id":"https:\/\/corde.ca\/#website","url":"https:\/\/corde.ca\/","name":"Cord\u00e9 \u00c9lectrique","description":"Expertise et efficacit\u00e9","potentialAction":[{"@type":"SearchAction","target":{"@type":"EntryPoint","urlTemplate":"https:\/\/corde.ca\/?s={search_term_string}"},"query-input":{"@type":"PropertyValueSpecification","valueRequired":true,"valueName":"search_term_string"}}],"inLanguage":"en-US"},{"@type":"Person","@id":"https:\/\/corde.ca\/#\/schema\/person\/977717629df06c88cc3f21f87ba16875","name":"Cake Communicaiton"}]}},"jetpack_featured_media_url":"https:\/\/corde.ca\/wp-content\/uploads\/PRIX2015-573-DezielLise-REC.png","jetpack_sharing_enabled":true,"_links":{"self":[{"href":"https:\/\/corde.ca\/en\/wp-json\/wp\/v2\/posts\/927","targetHints":{"allow":["GET"]}}],"collection":[{"href":"https:\/\/corde.ca\/en\/wp-json\/wp\/v2\/posts"}],"about":[{"href":"https:\/\/corde.ca\/en\/wp-json\/wp\/v2\/types\/post"}],"author":[{"embeddable":true,"href":"https:\/\/corde.ca\/en\/wp-json\/wp\/v2\/users\/1"}],"replies":[{"embeddable":true,"href":"https:\/\/corde.ca\/en\/wp-json\/wp\/v2\/comments?post=927"}],"version-history":[{"count":7,"href":"https:\/\/corde.ca\/en\/wp-json\/wp\/v2\/posts\/927\/revisions"}],"predecessor-version":[{"id":938,"href":"https:\/\/corde.ca\/en\/wp-json\/wp\/v2\/posts\/927\/revisions\/938"}],"wp:featuredmedia":[{"embeddable":true,"href":"https:\/\/corde.ca\/en\/wp-json\/wp\/v2\/media\/931"}],"wp:attachment":[{"href":"https:\/\/corde.ca\/en\/wp-json\/wp\/v2\/media?parent=927"}],"wp:term":[{"taxonomy":"category","embeddable":true,"href":"https:\/\/corde.ca\/en\/wp-json\/wp\/v2\/categories?post=927"},{"taxonomy":"post_tag","embeddable":true,"href":"https:\/\/corde.ca\/en\/wp-json\/wp\/v2\/tags?post=927"}],"curies":[{"name":"wp","href":"https:\/\/api.w.org\/{rel}","templated":true}]}}