{"id":895,"date":"2015-05-27T14:18:01","date_gmt":"2015-05-27T18:18:01","guid":{"rendered":"https:\/\/harnais-electriques.com\/es\/corde-electrique-sacree-grande-gagnante-grand-prix-sante-securite-travail\/"},"modified":"2016-05-26T13:50:01","modified_gmt":"2016-05-26T17:50:01","slug":"corde-electrique-sacree-grande-gagnante-grand-prix-sante-securite-travail","status":"publish","type":"post","link":"https:\/\/corde.ca\/es\/corde-electrique-sacree-grande-gagnante-grand-prix-sante-securite-travail\/","title":{"rendered":"Cord\u00e9 \u00c9lectrique sacr\u00e9e grande gagnante des Grand Prix sant\u00e9 et s\u00e9curit\u00e9 du travail 2015"},"content":{"rendered":"<p>La CSST a proc\u00e9d\u00e9\u00a0r\u00e9cemment\u00a0\u00e0 la remise de ses Grands Prix sant\u00e9 et s\u00e9curit\u00e9 du travail 2015 dans la r\u00e9gion de l&#8217;Estrie.<\/p>\n<p>Cord\u00e9 \u00c9lectrique est fi\u00e8re d&#8217;avoir remport\u00e9 le prix Innovation dans la cat\u00e9gorie Petites et moyennes entreprises.<\/p>\n<p>Pour plus de d\u00e9tails, rendez-vous sur le <a href=\"http:\/\/www.csst.qc.ca\/actualites\/2015\/Pages\/13-mai-sherbrooke.aspx\">site de la CSST<\/a>.<\/p>\n<p><iframe loading=\"lazy\" title=\"Cord\u00e9 \u00e9lectrique inc.- Laur\u00e9at r\u00e9gional 2015 - Estrie\" width=\"500\" height=\"281\" src=\"https:\/\/www.youtube.com\/embed\/Ig1DVdZQuMM?feature=oembed\" frameborder=\"0\" allow=\"accelerometer; autoplay; clipboard-write; encrypted-media; gyroscope; picture-in-picture; web-share\" referrerpolicy=\"strict-origin-when-cross-origin\" allowfullscreen><\/iframe><\/p>\n<p>&nbsp;<\/p>\n","protected":false},"excerpt":{"rendered":"La CSST a proc\u00e9d\u00e9\u00a0r\u00e9cemment\u00a0\u00e0 la remise de ses Grands Prix sant\u00e9 et s\u00e9curit\u00e9 du travail 2015 dans la r\u00e9gion de l&#8217;Estrie. Cord\u00e9 \u00c9lectrique est fi\u00e8re d&#8217;avoir remport\u00e9 le prix Innovation dans la cat\u00e9gorie Petites et moyennes entreprises. Pour plus de d\u00e9tails, rendez-vous sur le site de la CSST. &nbsp;","protected":false},"author":1,"featured_media":984,"comment_status":"closed","ping_status":"closed","sticky":false,"template":"","format":"standard","meta":{"_acf_changed":false,"_jetpack_memberships_contains_paid_content":false,"footnotes":""},"categories":[5],"tags":[],"class_list":["post-895","post","type-post","status-publish","format-standard","has-post-thumbnail","hentry","category-sin-categorizar"],"acf":[],"yoast_head":"<!-- This site is optimized with the Yoast SEO plugin v27.5 - https:\/\/yoast.com\/product\/yoast-seo-wordpress\/ -->\n<title>Cord\u00e9 \u00c9lectrique sacr\u00e9e grande gagnante des Grand Prix sant\u00e9 et s\u00e9curit\u00e9 du travail 2015 - Cord\u00e9 \u00c9lectrique<\/title>\n<meta name=\"robots\" content=\"index, follow, max-snippet:-1, max-image-preview:large, max-video-preview:-1\" \/>\n<link rel=\"canonical\" href=\"https:\/\/corde.ca\/corde-electrique-sacree-grande-gagnante-grand-prix-sante-securite-travail\/\" \/>\n<meta property=\"og:locale\" content=\"es_ES\" \/>\n<meta property=\"og:type\" content=\"article\" \/>\n<meta property=\"og:title\" content=\"Cord\u00e9 \u00c9lectrique sacr\u00e9e grande gagnante des Grand Prix sant\u00e9 et s\u00e9curit\u00e9 du travail 2015 - Cord\u00e9 \u00c9lectrique\" \/>\n<meta property=\"og:description\" content=\"La CSST a proc\u00e9d\u00e9\u00a0r\u00e9cemment\u00a0\u00e0 la remise de ses Grands Prix sant\u00e9 et s\u00e9curit\u00e9 du travail 2015 dans la r\u00e9gion de l&#8217;Estrie. Cord\u00e9 \u00c9lectrique est fi\u00e8re d&#8217;avoir remport\u00e9 le prix Innovation dans la cat\u00e9gorie Petites et moyennes entreprises. Pour plus de d\u00e9tails, rendez-vous sur le site de la CSST. &nbsp;\" \/>\n<meta property=\"og:url\" content=\"https:\/\/corde.ca\/corde-electrique-sacree-grande-gagnante-grand-prix-sante-securite-travail\/\" \/>\n<meta property=\"og:site_name\" content=\"Cord\u00e9 \u00c9lectrique\" \/>\n<meta property=\"article:published_time\" content=\"2015-05-27T18:18:01+00:00\" \/>\n<meta property=\"article:modified_time\" content=\"2016-05-26T17:50:01+00:00\" \/>\n<meta property=\"og:image\" content=\"https:\/\/corde.ca\/wp-content\/uploads\/Grands-prix-sant\u00e9-et-s\u00e9curit\u00e9-logo.jpg\" \/>\n\t<meta property=\"og:image:width\" content=\"480\" \/>\n\t<meta property=\"og:image:height\" content=\"360\" \/>\n\t<meta property=\"og:image:type\" content=\"image\/jpeg\" \/>\n<meta name=\"author\" content=\"Cake Communicaiton\" \/>\n<meta name=\"twitter:card\" content=\"summary_large_image\" \/>\n<meta name=\"twitter:label1\" content=\"Escrito por\" \/>\n\t<meta name=\"twitter:data1\" content=\"Cake Communicaiton\" \/>\n<script type=\"application\/ld+json\" class=\"yoast-schema-graph\">{\"@context\":\"https:\\\/\\\/schema.org\",\"@graph\":[{\"@type\":\"Article\",\"@id\":\"https:\\\/\\\/corde.ca\\\/corde-electrique-sacree-grande-gagnante-grand-prix-sante-securite-travail\\\/#article\",\"isPartOf\":{\"@id\":\"https:\\\/\\\/corde.ca\\\/corde-electrique-sacree-grande-gagnante-grand-prix-sante-securite-travail\\\/\"},\"author\":{\"name\":\"Cake Communicaiton\",\"@id\":\"https:\\\/\\\/corde.ca\\\/#\\\/schema\\\/person\\\/977717629df06c88cc3f21f87ba16875\"},\"headline\":\"Cord\u00e9 \u00c9lectrique sacr\u00e9e grande gagnante des Grand Prix sant\u00e9 et s\u00e9curit\u00e9 du travail 2015\",\"datePublished\":\"2015-05-27T18:18:01+00:00\",\"dateModified\":\"2016-05-26T17:50:01+00:00\",\"mainEntityOfPage\":{\"@id\":\"https:\\\/\\\/corde.ca\\\/corde-electrique-sacree-grande-gagnante-grand-prix-sante-securite-travail\\\/\"},\"wordCount\":78,\"image\":{\"@id\":\"https:\\\/\\\/corde.ca\\\/corde-electrique-sacree-grande-gagnante-grand-prix-sante-securite-travail\\\/#primaryimage\"},\"thumbnailUrl\":\"https:\\\/\\\/corde.ca\\\/wp-content\\\/uploads\\\/Grands-prix-sant\u00e9-et-s\u00e9curit\u00e9-logo.jpg\",\"articleSection\":[\"Sin categorizar\"],\"inLanguage\":\"es\"},{\"@type\":\"WebPage\",\"@id\":\"https:\\\/\\\/corde.ca\\\/corde-electrique-sacree-grande-gagnante-grand-prix-sante-securite-travail\\\/\",\"url\":\"https:\\\/\\\/corde.ca\\\/corde-electrique-sacree-grande-gagnante-grand-prix-sante-securite-travail\\\/\",\"name\":\"Cord\u00e9 \u00c9lectrique sacr\u00e9e grande gagnante des Grand Prix sant\u00e9 et s\u00e9curit\u00e9 du travail 2015 - Cord\u00e9 \u00c9lectrique\",\"isPartOf\":{\"@id\":\"https:\\\/\\\/corde.ca\\\/#website\"},\"primaryImageOfPage\":{\"@id\":\"https:\\\/\\\/corde.ca\\\/corde-electrique-sacree-grande-gagnante-grand-prix-sante-securite-travail\\\/#primaryimage\"},\"image\":{\"@id\":\"https:\\\/\\\/corde.ca\\\/corde-electrique-sacree-grande-gagnante-grand-prix-sante-securite-travail\\\/#primaryimage\"},\"thumbnailUrl\":\"https:\\\/\\\/corde.ca\\\/wp-content\\\/uploads\\\/Grands-prix-sant\u00e9-et-s\u00e9curit\u00e9-logo.jpg\",\"datePublished\":\"2015-05-27T18:18:01+00:00\",\"dateModified\":\"2016-05-26T17:50:01+00:00\",\"author\":{\"@id\":\"https:\\\/\\\/corde.ca\\\/#\\\/schema\\\/person\\\/977717629df06c88cc3f21f87ba16875\"},\"breadcrumb\":{\"@id\":\"https:\\\/\\\/corde.ca\\\/corde-electrique-sacree-grande-gagnante-grand-prix-sante-securite-travail\\\/#breadcrumb\"},\"inLanguage\":\"es\",\"potentialAction\":[{\"@type\":\"ReadAction\",\"target\":[\"https:\\\/\\\/corde.ca\\\/corde-electrique-sacree-grande-gagnante-grand-prix-sante-securite-travail\\\/\"]}]},{\"@type\":\"ImageObject\",\"inLanguage\":\"es\",\"@id\":\"https:\\\/\\\/corde.ca\\\/corde-electrique-sacree-grande-gagnante-grand-prix-sante-securite-travail\\\/#primaryimage\",\"url\":\"https:\\\/\\\/corde.ca\\\/wp-content\\\/uploads\\\/Grands-prix-sant\u00e9-et-s\u00e9curit\u00e9-logo.jpg\",\"contentUrl\":\"https:\\\/\\\/corde.ca\\\/wp-content\\\/uploads\\\/Grands-prix-sant\u00e9-et-s\u00e9curit\u00e9-logo.jpg\",\"width\":480,\"height\":360},{\"@type\":\"BreadcrumbList\",\"@id\":\"https:\\\/\\\/corde.ca\\\/corde-electrique-sacree-grande-gagnante-grand-prix-sante-securite-travail\\\/#breadcrumb\",\"itemListElement\":[{\"@type\":\"ListItem\",\"position\":1,\"name\":\"Accueil\",\"item\":\"https:\\\/\\\/corde.ca\\\/\"},{\"@type\":\"ListItem\",\"position\":2,\"name\":\"Cord\u00e9 \u00c9lectrique sacr\u00e9e grande gagnante des Grand Prix sant\u00e9 et s\u00e9curit\u00e9 du travail 2015\"}]},{\"@type\":\"WebSite\",\"@id\":\"https:\\\/\\\/corde.ca\\\/#website\",\"url\":\"https:\\\/\\\/corde.ca\\\/\",\"name\":\"Cord\u00e9 \u00c9lectrique\",\"description\":\"Expertise et efficacit\u00e9\",\"potentialAction\":[{\"@type\":\"SearchAction\",\"target\":{\"@type\":\"EntryPoint\",\"urlTemplate\":\"https:\\\/\\\/corde.ca\\\/?s={search_term_string}\"},\"query-input\":{\"@type\":\"PropertyValueSpecification\",\"valueRequired\":true,\"valueName\":\"search_term_string\"}}],\"inLanguage\":\"es\"},{\"@type\":\"Person\",\"@id\":\"https:\\\/\\\/corde.ca\\\/#\\\/schema\\\/person\\\/977717629df06c88cc3f21f87ba16875\",\"name\":\"Cake Communicaiton\"}]}<\/script>\n<!-- \/ Yoast SEO plugin. -->","yoast_head_json":{"title":"Cord\u00e9 \u00c9lectrique sacr\u00e9e grande gagnante des Grand Prix sant\u00e9 et s\u00e9curit\u00e9 du travail 2015 - Cord\u00e9 \u00c9lectrique","robots":{"index":"index","follow":"follow","max-snippet":"max-snippet:-1","max-image-preview":"max-image-preview:large","max-video-preview":"max-video-preview:-1"},"canonical":"https:\/\/corde.ca\/corde-electrique-sacree-grande-gagnante-grand-prix-sante-securite-travail\/","og_locale":"es_ES","og_type":"article","og_title":"Cord\u00e9 \u00c9lectrique sacr\u00e9e grande gagnante des Grand Prix sant\u00e9 et s\u00e9curit\u00e9 du travail 2015 - Cord\u00e9 \u00c9lectrique","og_description":"La CSST a proc\u00e9d\u00e9\u00a0r\u00e9cemment\u00a0\u00e0 la remise de ses Grands Prix sant\u00e9 et s\u00e9curit\u00e9 du travail 2015 dans la r\u00e9gion de l&#8217;Estrie. Cord\u00e9 \u00c9lectrique est fi\u00e8re d&#8217;avoir remport\u00e9 le prix Innovation dans la cat\u00e9gorie Petites et moyennes entreprises. Pour plus de d\u00e9tails, rendez-vous sur le site de la CSST. &nbsp;","og_url":"https:\/\/corde.ca\/corde-electrique-sacree-grande-gagnante-grand-prix-sante-securite-travail\/","og_site_name":"Cord\u00e9 \u00c9lectrique","article_published_time":"2015-05-27T18:18:01+00:00","article_modified_time":"2016-05-26T17:50:01+00:00","og_image":[{"width":480,"height":360,"url":"https:\/\/corde.ca\/wp-content\/uploads\/Grands-prix-sant\u00e9-et-s\u00e9curit\u00e9-logo.jpg","type":"image\/jpeg"}],"author":"Cake Communicaiton","twitter_card":"summary_large_image","twitter_misc":{"Escrito por":"Cake Communicaiton"},"schema":{"@context":"https:\/\/schema.org","@graph":[{"@type":"Article","@id":"https:\/\/corde.ca\/corde-electrique-sacree-grande-gagnante-grand-prix-sante-securite-travail\/#article","isPartOf":{"@id":"https:\/\/corde.ca\/corde-electrique-sacree-grande-gagnante-grand-prix-sante-securite-travail\/"},"author":{"name":"Cake Communicaiton","@id":"https:\/\/corde.ca\/#\/schema\/person\/977717629df06c88cc3f21f87ba16875"},"headline":"Cord\u00e9 \u00c9lectrique sacr\u00e9e grande gagnante des Grand Prix sant\u00e9 et s\u00e9curit\u00e9 du travail 2015","datePublished":"2015-05-27T18:18:01+00:00","dateModified":"2016-05-26T17:50:01+00:00","mainEntityOfPage":{"@id":"https:\/\/corde.ca\/corde-electrique-sacree-grande-gagnante-grand-prix-sante-securite-travail\/"},"wordCount":78,"image":{"@id":"https:\/\/corde.ca\/corde-electrique-sacree-grande-gagnante-grand-prix-sante-securite-travail\/#primaryimage"},"thumbnailUrl":"https:\/\/corde.ca\/wp-content\/uploads\/Grands-prix-sant\u00e9-et-s\u00e9curit\u00e9-logo.jpg","articleSection":["Sin categorizar"],"inLanguage":"es"},{"@type":"WebPage","@id":"https:\/\/corde.ca\/corde-electrique-sacree-grande-gagnante-grand-prix-sante-securite-travail\/","url":"https:\/\/corde.ca\/corde-electrique-sacree-grande-gagnante-grand-prix-sante-securite-travail\/","name":"Cord\u00e9 \u00c9lectrique sacr\u00e9e grande gagnante des Grand Prix sant\u00e9 et s\u00e9curit\u00e9 du travail 2015 - Cord\u00e9 \u00c9lectrique","isPartOf":{"@id":"https:\/\/corde.ca\/#website"},"primaryImageOfPage":{"@id":"https:\/\/corde.ca\/corde-electrique-sacree-grande-gagnante-grand-prix-sante-securite-travail\/#primaryimage"},"image":{"@id":"https:\/\/corde.ca\/corde-electrique-sacree-grande-gagnante-grand-prix-sante-securite-travail\/#primaryimage"},"thumbnailUrl":"https:\/\/corde.ca\/wp-content\/uploads\/Grands-prix-sant\u00e9-et-s\u00e9curit\u00e9-logo.jpg","datePublished":"2015-05-27T18:18:01+00:00","dateModified":"2016-05-26T17:50:01+00:00","author":{"@id":"https:\/\/corde.ca\/#\/schema\/person\/977717629df06c88cc3f21f87ba16875"},"breadcrumb":{"@id":"https:\/\/corde.ca\/corde-electrique-sacree-grande-gagnante-grand-prix-sante-securite-travail\/#breadcrumb"},"inLanguage":"es","potentialAction":[{"@type":"ReadAction","target":["https:\/\/corde.ca\/corde-electrique-sacree-grande-gagnante-grand-prix-sante-securite-travail\/"]}]},{"@type":"ImageObject","inLanguage":"es","@id":"https:\/\/corde.ca\/corde-electrique-sacree-grande-gagnante-grand-prix-sante-securite-travail\/#primaryimage","url":"https:\/\/corde.ca\/wp-content\/uploads\/Grands-prix-sant\u00e9-et-s\u00e9curit\u00e9-logo.jpg","contentUrl":"https:\/\/corde.ca\/wp-content\/uploads\/Grands-prix-sant\u00e9-et-s\u00e9curit\u00e9-logo.jpg","width":480,"height":360},{"@type":"BreadcrumbList","@id":"https:\/\/corde.ca\/corde-electrique-sacree-grande-gagnante-grand-prix-sante-securite-travail\/#breadcrumb","itemListElement":[{"@type":"ListItem","position":1,"name":"Accueil","item":"https:\/\/corde.ca\/"},{"@type":"ListItem","position":2,"name":"Cord\u00e9 \u00c9lectrique sacr\u00e9e grande gagnante des Grand Prix sant\u00e9 et s\u00e9curit\u00e9 du travail 2015"}]},{"@type":"WebSite","@id":"https:\/\/corde.ca\/#website","url":"https:\/\/corde.ca\/","name":"Cord\u00e9 \u00c9lectrique","description":"Expertise et efficacit\u00e9","potentialAction":[{"@type":"SearchAction","target":{"@type":"EntryPoint","urlTemplate":"https:\/\/corde.ca\/?s={search_term_string}"},"query-input":{"@type":"PropertyValueSpecification","valueRequired":true,"valueName":"search_term_string"}}],"inLanguage":"es"},{"@type":"Person","@id":"https:\/\/corde.ca\/#\/schema\/person\/977717629df06c88cc3f21f87ba16875","name":"Cake Communicaiton"}]}},"jetpack_featured_media_url":"https:\/\/corde.ca\/wp-content\/uploads\/Grands-prix-sant\u00e9-et-s\u00e9curit\u00e9-logo.jpg","jetpack_sharing_enabled":true,"_links":{"self":[{"href":"https:\/\/corde.ca\/es\/wp-json\/wp\/v2\/posts\/895","targetHints":{"allow":["GET"]}}],"collection":[{"href":"https:\/\/corde.ca\/es\/wp-json\/wp\/v2\/posts"}],"about":[{"href":"https:\/\/corde.ca\/es\/wp-json\/wp\/v2\/types\/post"}],"author":[{"embeddable":true,"href":"https:\/\/corde.ca\/es\/wp-json\/wp\/v2\/users\/1"}],"replies":[{"embeddable":true,"href":"https:\/\/corde.ca\/es\/wp-json\/wp\/v2\/comments?post=895"}],"version-history":[{"count":2,"href":"https:\/\/corde.ca\/es\/wp-json\/wp\/v2\/posts\/895\/revisions"}],"predecessor-version":[{"id":1008,"href":"https:\/\/corde.ca\/es\/wp-json\/wp\/v2\/posts\/895\/revisions\/1008"}],"wp:featuredmedia":[{"embeddable":true,"href":"https:\/\/corde.ca\/es\/wp-json\/wp\/v2\/media\/984"}],"wp:attachment":[{"href":"https:\/\/corde.ca\/es\/wp-json\/wp\/v2\/media?parent=895"}],"wp:term":[{"taxonomy":"category","embeddable":true,"href":"https:\/\/corde.ca\/es\/wp-json\/wp\/v2\/categories?post=895"},{"taxonomy":"post_tag","embeddable":true,"href":"https:\/\/corde.ca\/es\/wp-json\/wp\/v2\/tags?post=895"}],"curies":[{"name":"wp","href":"https:\/\/api.w.org\/{rel}","templated":true}]}}